{"id":176,"date":"2024-12-06T21:52:20","date_gmt":"2024-12-06T20:52:20","guid":{"rendered":"https:\/\/f6kfv.fr\/?p=176"},"modified":"2024-12-06T21:52:22","modified_gmt":"2024-12-06T20:52:22","slug":"f6kfv-a-demenage","status":"publish","type":"post","link":"https:\/\/f6kfv.fr\/index.php\/2024\/12\/06\/f6kfv-a-demenage\/","title":{"rendered":"F6KFV a d\u00e9m\u00e9nag\u00e9"},"content":{"rendered":"\n<p>C\u2019est non sans une certaine nostalgie que nous avons d\u00e9m\u00e9nag\u00e9 le si\u00e8ge historique de notre association du 3, all\u00e9e Pierre de Coubertin pour de nouveaux locaux.<\/p>\n\n\n\n<p>Notre \u00ab\u00a0petit ch\u00e2teau \u00bb bien aim\u00e9, l\u00e0 o\u00f9 est n\u00e9e l\u2019ARAV un certain 23 octobre 1971 (il y a donc 53 ans\u00a0!) ne r\u00e9pondant plus aux normes actuelles n\u2019arbore d\u00e9sormais plus nos antennes sur le toit en zinc.<\/p>\n\n\n\n<p>Que de souvenirs revenus en m\u00e9moire, et de belles d\u00e9couvertes lors de ce d\u00e9m\u00e9nagement\u00a0!<br>Merci aux membres et b\u00e9n\u00e9voles qui sont venus nous pr\u00eater main forte car la t\u00e2che a \u00e9t\u00e9 rude, on ne d\u00e9m\u00e9nage pas 53 ans de belles histoires facilement.<\/p>\n\n\n\n<p>C\u2019est d\u00e9sormais au 8\u00a0passage des \u00e9tangs Gobert que nous nous installons et que vous pouvez d\u00e9sormais nous retrouver. Nous sommes \u00a0situ\u00e9s \u00e0 proximit\u00e9 de la gare de Versailles Chantiers, dans le parc des \u00e9tangs Gobert, dans le m\u00eame b\u00e2timent que l\u2019association l\u2019outil en main.<\/p>\n\n\n\n<p>Le temps pour nous de nous r\u00e9installer convenablement dans ces nouveaux locaux mis \u00e0 notre disposition par la Mairie de Versailles, et vous pourrez bient\u00f4t nous retrouver le vendredi soir et ainsi , qui sait, repartir pour 53 ans (au minimum) de belles aventures.<\/p>\n\n\n\n<p><\/p>\n","protected":false},"excerpt":{"rendered":"<p>C\u2019est non sans une certaine nostalgie que nous avons d\u00e9m\u00e9nag\u00e9 le si\u00e8ge historique de notre association du 3,<\/p>\n","protected":false},"author":4,"featured_media":180,"comment_status":"open","ping_status":"open","sticky":false,"template":"","format":"standard","meta":{"footnotes":""},"categories":[1],"tags":[],"class_list":["post-176","post","type-post","status-publish","format-standard","has-post-thumbnail","hentry","category-non-classe"],"yoast_head":"<!-- This site is optimized with the Yoast SEO plugin v26.7 - https:\/\/yoast.com\/wordpress\/plugins\/seo\/ -->\n<title>F6KFV a d\u00e9m\u00e9nag\u00e9 - F6KFV<\/title>\n<meta name=\"description\" content=\"Adresse F6KFV ARAV radioamateur gobert coubertin\" \/>\n<meta name=\"robots\" content=\"index, follow, max-snippet:-1, max-image-preview:large, max-video-preview:-1\" \/>\n<link rel=\"canonical\" href=\"https:\/\/f6kfv.fr\/index.php\/2024\/12\/06\/f6kfv-a-demenage\/\" \/>\n<meta property=\"og:locale\" content=\"fr_FR\" \/>\n<meta property=\"og:type\" content=\"article\" \/>\n<meta property=\"og:title\" content=\"F6KFV a d\u00e9m\u00e9nag\u00e9 - F6KFV\" \/>\n<meta property=\"og:description\" content=\"Adresse F6KFV ARAV radioamateur gobert coubertin\" \/>\n<meta property=\"og:url\" content=\"https:\/\/f6kfv.fr\/index.php\/2024\/12\/06\/f6kfv-a-demenage\/\" \/>\n<meta property=\"og:site_name\" content=\"F6KFV\" \/>\n<meta property=\"article:published_time\" content=\"2024-12-06T20:52:20+00:00\" \/>\n<meta property=\"article:modified_time\" content=\"2024-12-06T20:52:22+00:00\" \/>\n<meta property=\"og:image\" content=\"http:\/\/f6kfv.fr\/wp-content\/uploads\/2024\/12\/coubertin.png\" \/>\n\t<meta property=\"og:image:width\" content=\"713\" \/>\n\t<meta property=\"og:image:height\" content=\"722\" \/>\n\t<meta property=\"og:image:type\" content=\"image\/png\" \/>\n<meta name=\"author\" content=\"F4LMF\" \/>\n<meta name=\"twitter:card\" content=\"summary_large_image\" \/>\n<meta name=\"twitter:label1\" content=\"\u00c9crit par\" \/>\n\t<meta name=\"twitter:data1\" content=\"F4LMF\" \/>\n\t<meta name=\"twitter:label2\" content=\"Dur\u00e9e de lecture estim\u00e9e\" \/>\n\t<meta name=\"twitter:data2\" content=\"2 minutes\" \/>\n<script type=\"application\/ld+json\" class=\"yoast-schema-graph\">{\"@context\":\"https:\/\/schema.org\",\"@graph\":[{\"@type\":\"Article\",\"@id\":\"https:\/\/f6kfv.fr\/index.php\/2024\/12\/06\/f6kfv-a-demenage\/#article\",\"isPartOf\":{\"@id\":\"https:\/\/f6kfv.fr\/index.php\/2024\/12\/06\/f6kfv-a-demenage\/\"},\"author\":{\"name\":\"F4LMF\",\"@id\":\"https:\/\/f6kfv.fr\/#\/schema\/person\/219b36a4c5a981da2a7801fdc8d7eab4\"},\"headline\":\"F6KFV a d\u00e9m\u00e9nag\u00e9\",\"datePublished\":\"2024-12-06T20:52:20+00:00\",\"dateModified\":\"2024-12-06T20:52:22+00:00\",\"mainEntityOfPage\":{\"@id\":\"https:\/\/f6kfv.fr\/index.php\/2024\/12\/06\/f6kfv-a-demenage\/\"},\"wordCount\":221,\"commentCount\":1,\"image\":{\"@id\":\"https:\/\/f6kfv.fr\/index.php\/2024\/12\/06\/f6kfv-a-demenage\/#primaryimage\"},\"thumbnailUrl\":\"https:\/\/f6kfv.fr\/wp-content\/uploads\/2024\/12\/coubertin.png\",\"inLanguage\":\"fr-FR\",\"potentialAction\":[{\"@type\":\"CommentAction\",\"name\":\"Comment\",\"target\":[\"https:\/\/f6kfv.fr\/index.php\/2024\/12\/06\/f6kfv-a-demenage\/#respond\"]}]},{\"@type\":\"WebPage\",\"@id\":\"https:\/\/f6kfv.fr\/index.php\/2024\/12\/06\/f6kfv-a-demenage\/\",\"url\":\"https:\/\/f6kfv.fr\/index.php\/2024\/12\/06\/f6kfv-a-demenage\/\",\"name\":\"F6KFV a d\u00e9m\u00e9nag\u00e9 - F6KFV\",\"isPartOf\":{\"@id\":\"https:\/\/f6kfv.fr\/#website\"},\"primaryImageOfPage\":{\"@id\":\"https:\/\/f6kfv.fr\/index.php\/2024\/12\/06\/f6kfv-a-demenage\/#primaryimage\"},\"image\":{\"@id\":\"https:\/\/f6kfv.fr\/index.php\/2024\/12\/06\/f6kfv-a-demenage\/#primaryimage\"},\"thumbnailUrl\":\"https:\/\/f6kfv.fr\/wp-content\/uploads\/2024\/12\/coubertin.png\",\"datePublished\":\"2024-12-06T20:52:20+00:00\",\"dateModified\":\"2024-12-06T20:52:22+00:00\",\"author\":{\"@id\":\"https:\/\/f6kfv.fr\/#\/schema\/person\/219b36a4c5a981da2a7801fdc8d7eab4\"},\"description\":\"Adresse F6KFV ARAV radioamateur gobert coubertin\",\"breadcrumb\":{\"@id\":\"https:\/\/f6kfv.fr\/index.php\/2024\/12\/06\/f6kfv-a-demenage\/#breadcrumb\"},\"inLanguage\":\"fr-FR\",\"potentialAction\":[{\"@type\":\"ReadAction\",\"target\":[\"https:\/\/f6kfv.fr\/index.php\/2024\/12\/06\/f6kfv-a-demenage\/\"]}]},{\"@type\":\"ImageObject\",\"inLanguage\":\"fr-FR\",\"@id\":\"https:\/\/f6kfv.fr\/index.php\/2024\/12\/06\/f6kfv-a-demenage\/#primaryimage\",\"url\":\"https:\/\/f6kfv.fr\/wp-content\/uploads\/2024\/12\/coubertin.png\",\"contentUrl\":\"https:\/\/f6kfv.fr\/wp-content\/uploads\/2024\/12\/coubertin.png\",\"width\":713,\"height\":722},{\"@type\":\"BreadcrumbList\",\"@id\":\"https:\/\/f6kfv.fr\/index.php\/2024\/12\/06\/f6kfv-a-demenage\/#breadcrumb\",\"itemListElement\":[{\"@type\":\"ListItem\",\"position\":1,\"name\":\"Accueil\",\"item\":\"https:\/\/f6kfv.fr\/\"},{\"@type\":\"ListItem\",\"position\":2,\"name\":\"F6KFV a d\u00e9m\u00e9nag\u00e9\"}]},{\"@type\":\"WebSite\",\"@id\":\"https:\/\/f6kfv.fr\/#website\",\"url\":\"https:\/\/f6kfv.fr\/\",\"name\":\"F6KFV\",\"description\":\"Radio Club de Versailles \/ Association des Radio Amateurs de Versailles (ARAV)\",\"potentialAction\":[{\"@type\":\"SearchAction\",\"target\":{\"@type\":\"EntryPoint\",\"urlTemplate\":\"https:\/\/f6kfv.fr\/?s={search_term_string}\"},\"query-input\":{\"@type\":\"PropertyValueSpecification\",\"valueRequired\":true,\"valueName\":\"search_term_string\"}}],\"inLanguage\":\"fr-FR\"},{\"@type\":\"Person\",\"@id\":\"https:\/\/f6kfv.fr\/#\/schema\/person\/219b36a4c5a981da2a7801fdc8d7eab4\",\"name\":\"F4LMF\",\"image\":{\"@type\":\"ImageObject\",\"inLanguage\":\"fr-FR\",\"@id\":\"https:\/\/f6kfv.fr\/#\/schema\/person\/image\/\",\"url\":\"https:\/\/secure.gravatar.com\/avatar\/8a00b2dfdea4710d5dcb59d1d5a9a20914d3a2169ad8316ced95df2a77adb516?s=96&d=mm&r=g\",\"contentUrl\":\"https:\/\/secure.gravatar.com\/avatar\/8a00b2dfdea4710d5dcb59d1d5a9a20914d3a2169ad8316ced95df2a77adb516?s=96&d=mm&r=g\",\"caption\":\"F4LMF\"},\"url\":\"https:\/\/f6kfv.fr\/index.php\/author\/f4lmf\/\"}]}<\/script>\n<!-- \/ Yoast SEO plugin. -->","yoast_head_json":{"title":"F6KFV a d\u00e9m\u00e9nag\u00e9 - F6KFV","description":"Adresse F6KFV ARAV radioamateur gobert coubertin","robots":{"index":"index","follow":"follow","max-snippet":"max-snippet:-1","max-image-preview":"max-image-preview:large","max-video-preview":"max-video-preview:-1"},"canonical":"https:\/\/f6kfv.fr\/index.php\/2024\/12\/06\/f6kfv-a-demenage\/","og_locale":"fr_FR","og_type":"article","og_title":"F6KFV a d\u00e9m\u00e9nag\u00e9 - F6KFV","og_description":"Adresse F6KFV ARAV radioamateur gobert coubertin","og_url":"https:\/\/f6kfv.fr\/index.php\/2024\/12\/06\/f6kfv-a-demenage\/","og_site_name":"F6KFV","article_published_time":"2024-12-06T20:52:20+00:00","article_modified_time":"2024-12-06T20:52:22+00:00","og_image":[{"width":713,"height":722,"url":"http:\/\/f6kfv.fr\/wp-content\/uploads\/2024\/12\/coubertin.png","type":"image\/png"}],"author":"F4LMF","twitter_card":"summary_large_image","twitter_misc":{"\u00c9crit par":"F4LMF","Dur\u00e9e de lecture estim\u00e9e":"2 minutes"},"schema":{"@context":"https:\/\/schema.org","@graph":[{"@type":"Article","@id":"https:\/\/f6kfv.fr\/index.php\/2024\/12\/06\/f6kfv-a-demenage\/#article","isPartOf":{"@id":"https:\/\/f6kfv.fr\/index.php\/2024\/12\/06\/f6kfv-a-demenage\/"},"author":{"name":"F4LMF","@id":"https:\/\/f6kfv.fr\/#\/schema\/person\/219b36a4c5a981da2a7801fdc8d7eab4"},"headline":"F6KFV a d\u00e9m\u00e9nag\u00e9","datePublished":"2024-12-06T20:52:20+00:00","dateModified":"2024-12-06T20:52:22+00:00","mainEntityOfPage":{"@id":"https:\/\/f6kfv.fr\/index.php\/2024\/12\/06\/f6kfv-a-demenage\/"},"wordCount":221,"commentCount":1,"image":{"@id":"https:\/\/f6kfv.fr\/index.php\/2024\/12\/06\/f6kfv-a-demenage\/#primaryimage"},"thumbnailUrl":"https:\/\/f6kfv.fr\/wp-content\/uploads\/2024\/12\/coubertin.png","inLanguage":"fr-FR","potentialAction":[{"@type":"CommentAction","name":"Comment","target":["https:\/\/f6kfv.fr\/index.php\/2024\/12\/06\/f6kfv-a-demenage\/#respond"]}]},{"@type":"WebPage","@id":"https:\/\/f6kfv.fr\/index.php\/2024\/12\/06\/f6kfv-a-demenage\/","url":"https:\/\/f6kfv.fr\/index.php\/2024\/12\/06\/f6kfv-a-demenage\/","name":"F6KFV a d\u00e9m\u00e9nag\u00e9 - F6KFV","isPartOf":{"@id":"https:\/\/f6kfv.fr\/#website"},"primaryImageOfPage":{"@id":"https:\/\/f6kfv.fr\/index.php\/2024\/12\/06\/f6kfv-a-demenage\/#primaryimage"},"image":{"@id":"https:\/\/f6kfv.fr\/index.php\/2024\/12\/06\/f6kfv-a-demenage\/#primaryimage"},"thumbnailUrl":"https:\/\/f6kfv.fr\/wp-content\/uploads\/2024\/12\/coubertin.png","datePublished":"2024-12-06T20:52:20+00:00","dateModified":"2024-12-06T20:52:22+00:00","author":{"@id":"https:\/\/f6kfv.fr\/#\/schema\/person\/219b36a4c5a981da2a7801fdc8d7eab4"},"description":"Adresse F6KFV ARAV radioamateur gobert coubertin","breadcrumb":{"@id":"https:\/\/f6kfv.fr\/index.php\/2024\/12\/06\/f6kfv-a-demenage\/#breadcrumb"},"inLanguage":"fr-FR","potentialAction":[{"@type":"ReadAction","target":["https:\/\/f6kfv.fr\/index.php\/2024\/12\/06\/f6kfv-a-demenage\/"]}]},{"@type":"ImageObject","inLanguage":"fr-FR","@id":"https:\/\/f6kfv.fr\/index.php\/2024\/12\/06\/f6kfv-a-demenage\/#primaryimage","url":"https:\/\/f6kfv.fr\/wp-content\/uploads\/2024\/12\/coubertin.png","contentUrl":"https:\/\/f6kfv.fr\/wp-content\/uploads\/2024\/12\/coubertin.png","width":713,"height":722},{"@type":"BreadcrumbList","@id":"https:\/\/f6kfv.fr\/index.php\/2024\/12\/06\/f6kfv-a-demenage\/#breadcrumb","itemListElement":[{"@type":"ListItem","position":1,"name":"Accueil","item":"https:\/\/f6kfv.fr\/"},{"@type":"ListItem","position":2,"name":"F6KFV a d\u00e9m\u00e9nag\u00e9"}]},{"@type":"WebSite","@id":"https:\/\/f6kfv.fr\/#website","url":"https:\/\/f6kfv.fr\/","name":"F6KFV","description":"Radio Club de Versailles \/ Association des Radio Amateurs de Versailles (ARAV)","potentialAction":[{"@type":"SearchAction","target":{"@type":"EntryPoint","urlTemplate":"https:\/\/f6kfv.fr\/?s={search_term_string}"},"query-input":{"@type":"PropertyValueSpecification","valueRequired":true,"valueName":"search_term_string"}}],"inLanguage":"fr-FR"},{"@type":"Person","@id":"https:\/\/f6kfv.fr\/#\/schema\/person\/219b36a4c5a981da2a7801fdc8d7eab4","name":"F4LMF","image":{"@type":"ImageObject","inLanguage":"fr-FR","@id":"https:\/\/f6kfv.fr\/#\/schema\/person\/image\/","url":"https:\/\/secure.gravatar.com\/avatar\/8a00b2dfdea4710d5dcb59d1d5a9a20914d3a2169ad8316ced95df2a77adb516?s=96&d=mm&r=g","contentUrl":"https:\/\/secure.gravatar.com\/avatar\/8a00b2dfdea4710d5dcb59d1d5a9a20914d3a2169ad8316ced95df2a77adb516?s=96&d=mm&r=g","caption":"F4LMF"},"url":"https:\/\/f6kfv.fr\/index.php\/author\/f4lmf\/"}]}},"_links":{"self":[{"href":"https:\/\/f6kfv.fr\/index.php\/wp-json\/wp\/v2\/posts\/176","targetHints":{"allow":["GET"]}}],"collection":[{"href":"https:\/\/f6kfv.fr\/index.php\/wp-json\/wp\/v2\/posts"}],"about":[{"href":"https:\/\/f6kfv.fr\/index.php\/wp-json\/wp\/v2\/types\/post"}],"author":[{"embeddable":true,"href":"https:\/\/f6kfv.fr\/index.php\/wp-json\/wp\/v2\/users\/4"}],"replies":[{"embeddable":true,"href":"https:\/\/f6kfv.fr\/index.php\/wp-json\/wp\/v2\/comments?post=176"}],"version-history":[{"count":3,"href":"https:\/\/f6kfv.fr\/index.php\/wp-json\/wp\/v2\/posts\/176\/revisions"}],"predecessor-version":[{"id":182,"href":"https:\/\/f6kfv.fr\/index.php\/wp-json\/wp\/v2\/posts\/176\/revisions\/182"}],"wp:featuredmedia":[{"embeddable":true,"href":"https:\/\/f6kfv.fr\/index.php\/wp-json\/wp\/v2\/media\/180"}],"wp:attachment":[{"href":"https:\/\/f6kfv.fr\/index.php\/wp-json\/wp\/v2\/media?parent=176"}],"wp:term":[{"taxonomy":"category","embeddable":true,"href":"https:\/\/f6kfv.fr\/index.php\/wp-json\/wp\/v2\/categories?post=176"},{"taxonomy":"post_tag","embeddable":true,"href":"https:\/\/f6kfv.fr\/index.php\/wp-json\/wp\/v2\/tags?post=176"}],"curies":[{"name":"wp","href":"https:\/\/api.w.org\/{rel}","templated":true}]}}