{"id":215,"date":"2025-06-28T11:00:19","date_gmt":"2025-06-28T09:00:19","guid":{"rendered":"https:\/\/f6kfv.fr\/?p=215"},"modified":"2025-06-28T11:03:19","modified_gmt":"2025-06-28T09:03:19","slug":"visite-de-er1vs","status":"publish","type":"post","link":"https:\/\/f6kfv.fr\/index.php\/2025\/06\/28\/visite-de-er1vs\/","title":{"rendered":"Visite de ER1VS"},"content":{"rendered":"\n<figure class=\"wp-block-image size-large\"><img loading=\"lazy\" decoding=\"async\" width=\"1024\" height=\"768\" src=\"http:\/\/f6kfv.fr\/wp-content\/uploads\/2025\/06\/KFV_visite_de_ER1VS_20250627_2201_2-1024x768.jpg\" alt=\"\" class=\"wp-image-214\" srcset=\"https:\/\/f6kfv.fr\/wp-content\/uploads\/2025\/06\/KFV_visite_de_ER1VS_20250627_2201_2-1024x768.jpg 1024w, https:\/\/f6kfv.fr\/wp-content\/uploads\/2025\/06\/KFV_visite_de_ER1VS_20250627_2201_2-300x225.jpg 300w, https:\/\/f6kfv.fr\/wp-content\/uploads\/2025\/06\/KFV_visite_de_ER1VS_20250627_2201_2-768x576.jpg 768w, https:\/\/f6kfv.fr\/wp-content\/uploads\/2025\/06\/KFV_visite_de_ER1VS_20250627_2201_2.jpg 1440w\" sizes=\"auto, (max-width: 1024px) 100vw, 1024px\" \/><figcaption class=\"wp-element-caption\">De gauche a droite; Pascal(F1ORL),Alain(F4JDA),Andrei(F4MMI),\u00c9ric(F4LMF), Victor(ER1VS)et Henri(F6FHV)<\/figcaption><\/figure>\n\n\n\n<p>Vendredi 27 juin 2025, nous avons eu le plaisir d&rsquo;avoir la visite d&rsquo;un OM venant de Moldavie.<\/p>\n\n\n\n<p>ER1VS (Victor) \u00e9tant venu en visite priv\u00e9e sur Versailles pour voir sa proche famille a eu la bonne id\u00e9e de nous envoy\u00e9 un message pour venir \u00e0 notre rencontre vendredi soir (le 27 juin dernier). C&rsquo;est donc avec une immense joie que nous l&rsquo;avons re\u00e7u dans nos nouveaux locaux du parc des \u00e9tangs Gobert.<\/p>\n\n\n\n<p>Au programme, visite de nos nouveaux locaux et \u00e9changes chaleureux. Mais comment fait-on pour communiquer lorsque l&rsquo;on ne parle pas la m\u00eame langue?  Pas de soucis \u00e0 l&rsquo;ARAV! Andrei qui vient du reste de passer sa licence avec succ\u00e8s est lui aussi moldave! Les \u00e9changes en ont donc \u00e9t\u00e9 extr\u00eamement facilit\u00e9s&#8230;<\/p>\n\n\n\n<p>Si vous aussi vous voulez nous rencontrer, faites comme Victor, envoyer nous un message \u00e0 l&rsquo;adresse <a href=\"mailto:f6kfv6@f6kfv.fr\">f6kfv2@f6kfv.fr<\/a> , nous sommes dans un parc ferm\u00e9, nous vous donnerons un num\u00e9ro de t\u00e9l\u00e9phone pour nous appeler et nous viendrons vous chercher!<\/p>\n\n\n\n<p><\/p>\n","protected":false},"excerpt":{"rendered":"<p>Vendredi 27 juin 2025, nous avons eu le plaisir d&rsquo;avoir la visite d&rsquo;un OM venant de Moldavie. ER1VS<\/p>\n","protected":false},"author":4,"featured_media":0,"comment_status":"open","ping_status":"open","sticky":false,"template":"","format":"standard","meta":{"footnotes":""},"categories":[8],"tags":[],"class_list":["post-215","post","type-post","status-publish","format-standard","hentry","category-actualites"],"yoast_head":"<!-- This site is optimized with the Yoast SEO plugin v26.7 - https:\/\/yoast.com\/wordpress\/plugins\/seo\/ -->\n<title>Visite de ER1VS - F6KFV<\/title>\n<meta name=\"description\" content=\"Viste de ER1VS\" \/>\n<meta name=\"robots\" content=\"index, follow, max-snippet:-1, max-image-preview:large, max-video-preview:-1\" \/>\n<link rel=\"canonical\" href=\"https:\/\/f6kfv.fr\/index.php\/2025\/06\/28\/visite-de-er1vs\/\" \/>\n<meta property=\"og:locale\" content=\"fr_FR\" \/>\n<meta property=\"og:type\" content=\"article\" \/>\n<meta property=\"og:title\" content=\"Visite de ER1VS - F6KFV\" \/>\n<meta property=\"og:description\" content=\"Viste de ER1VS\" \/>\n<meta property=\"og:url\" content=\"https:\/\/f6kfv.fr\/index.php\/2025\/06\/28\/visite-de-er1vs\/\" \/>\n<meta property=\"og:site_name\" content=\"F6KFV\" \/>\n<meta property=\"article:published_time\" content=\"2025-06-28T09:00:19+00:00\" \/>\n<meta property=\"article:modified_time\" content=\"2025-06-28T09:03:19+00:00\" \/>\n<meta property=\"og:image\" content=\"https:\/\/f6kfv.fr\/wp-content\/uploads\/2025\/06\/KFV_visite_de_ER1VS_20250627_2201_2.jpg\" \/>\n\t<meta property=\"og:image:width\" content=\"1440\" \/>\n\t<meta property=\"og:image:height\" content=\"1080\" \/>\n\t<meta property=\"og:image:type\" content=\"image\/jpeg\" \/>\n<meta name=\"author\" content=\"F4LMF\" \/>\n<meta name=\"twitter:card\" content=\"summary_large_image\" \/>\n<meta name=\"twitter:label1\" content=\"\u00c9crit par\" \/>\n\t<meta name=\"twitter:data1\" content=\"F4LMF\" \/>\n\t<meta name=\"twitter:label2\" content=\"Dur\u00e9e de lecture estim\u00e9e\" \/>\n\t<meta name=\"twitter:data2\" content=\"2 minutes\" \/>\n<script type=\"application\/ld+json\" class=\"yoast-schema-graph\">{\"@context\":\"https:\/\/schema.org\",\"@graph\":[{\"@type\":\"Article\",\"@id\":\"https:\/\/f6kfv.fr\/index.php\/2025\/06\/28\/visite-de-er1vs\/#article\",\"isPartOf\":{\"@id\":\"https:\/\/f6kfv.fr\/index.php\/2025\/06\/28\/visite-de-er1vs\/\"},\"author\":{\"name\":\"F4LMF\",\"@id\":\"https:\/\/f6kfv.fr\/#\/schema\/person\/219b36a4c5a981da2a7801fdc8d7eab4\"},\"headline\":\"Visite de ER1VS\",\"datePublished\":\"2025-06-28T09:00:19+00:00\",\"dateModified\":\"2025-06-28T09:03:19+00:00\",\"mainEntityOfPage\":{\"@id\":\"https:\/\/f6kfv.fr\/index.php\/2025\/06\/28\/visite-de-er1vs\/\"},\"wordCount\":196,\"commentCount\":1,\"image\":{\"@id\":\"https:\/\/f6kfv.fr\/index.php\/2025\/06\/28\/visite-de-er1vs\/#primaryimage\"},\"thumbnailUrl\":\"http:\/\/f6kfv.fr\/wp-content\/uploads\/2025\/06\/KFV_visite_de_ER1VS_20250627_2201_2-1024x768.jpg\",\"articleSection\":[\"Actualit\u00e9s\"],\"inLanguage\":\"fr-FR\",\"potentialAction\":[{\"@type\":\"CommentAction\",\"name\":\"Comment\",\"target\":[\"https:\/\/f6kfv.fr\/index.php\/2025\/06\/28\/visite-de-er1vs\/#respond\"]}]},{\"@type\":\"WebPage\",\"@id\":\"https:\/\/f6kfv.fr\/index.php\/2025\/06\/28\/visite-de-er1vs\/\",\"url\":\"https:\/\/f6kfv.fr\/index.php\/2025\/06\/28\/visite-de-er1vs\/\",\"name\":\"Visite de ER1VS - F6KFV\",\"isPartOf\":{\"@id\":\"https:\/\/f6kfv.fr\/#website\"},\"primaryImageOfPage\":{\"@id\":\"https:\/\/f6kfv.fr\/index.php\/2025\/06\/28\/visite-de-er1vs\/#primaryimage\"},\"image\":{\"@id\":\"https:\/\/f6kfv.fr\/index.php\/2025\/06\/28\/visite-de-er1vs\/#primaryimage\"},\"thumbnailUrl\":\"http:\/\/f6kfv.fr\/wp-content\/uploads\/2025\/06\/KFV_visite_de_ER1VS_20250627_2201_2-1024x768.jpg\",\"datePublished\":\"2025-06-28T09:00:19+00:00\",\"dateModified\":\"2025-06-28T09:03:19+00:00\",\"author\":{\"@id\":\"https:\/\/f6kfv.fr\/#\/schema\/person\/219b36a4c5a981da2a7801fdc8d7eab4\"},\"description\":\"Viste de ER1VS\",\"breadcrumb\":{\"@id\":\"https:\/\/f6kfv.fr\/index.php\/2025\/06\/28\/visite-de-er1vs\/#breadcrumb\"},\"inLanguage\":\"fr-FR\",\"potentialAction\":[{\"@type\":\"ReadAction\",\"target\":[\"https:\/\/f6kfv.fr\/index.php\/2025\/06\/28\/visite-de-er1vs\/\"]}]},{\"@type\":\"ImageObject\",\"inLanguage\":\"fr-FR\",\"@id\":\"https:\/\/f6kfv.fr\/index.php\/2025\/06\/28\/visite-de-er1vs\/#primaryimage\",\"url\":\"https:\/\/f6kfv.fr\/wp-content\/uploads\/2025\/06\/KFV_visite_de_ER1VS_20250627_2201_2.jpg\",\"contentUrl\":\"https:\/\/f6kfv.fr\/wp-content\/uploads\/2025\/06\/KFV_visite_de_ER1VS_20250627_2201_2.jpg\",\"width\":1440,\"height\":1080},{\"@type\":\"BreadcrumbList\",\"@id\":\"https:\/\/f6kfv.fr\/index.php\/2025\/06\/28\/visite-de-er1vs\/#breadcrumb\",\"itemListElement\":[{\"@type\":\"ListItem\",\"position\":1,\"name\":\"Accueil\",\"item\":\"https:\/\/f6kfv.fr\/\"},{\"@type\":\"ListItem\",\"position\":2,\"name\":\"Visite de ER1VS\"}]},{\"@type\":\"WebSite\",\"@id\":\"https:\/\/f6kfv.fr\/#website\",\"url\":\"https:\/\/f6kfv.fr\/\",\"name\":\"F6KFV\",\"description\":\"Radio Club de Versailles \/ Association des Radio Amateurs de Versailles (ARAV)\",\"potentialAction\":[{\"@type\":\"SearchAction\",\"target\":{\"@type\":\"EntryPoint\",\"urlTemplate\":\"https:\/\/f6kfv.fr\/?s={search_term_string}\"},\"query-input\":{\"@type\":\"PropertyValueSpecification\",\"valueRequired\":true,\"valueName\":\"search_term_string\"}}],\"inLanguage\":\"fr-FR\"},{\"@type\":\"Person\",\"@id\":\"https:\/\/f6kfv.fr\/#\/schema\/person\/219b36a4c5a981da2a7801fdc8d7eab4\",\"name\":\"F4LMF\",\"image\":{\"@type\":\"ImageObject\",\"inLanguage\":\"fr-FR\",\"@id\":\"https:\/\/f6kfv.fr\/#\/schema\/person\/image\/\",\"url\":\"https:\/\/secure.gravatar.com\/avatar\/8a00b2dfdea4710d5dcb59d1d5a9a20914d3a2169ad8316ced95df2a77adb516?s=96&d=mm&r=g\",\"contentUrl\":\"https:\/\/secure.gravatar.com\/avatar\/8a00b2dfdea4710d5dcb59d1d5a9a20914d3a2169ad8316ced95df2a77adb516?s=96&d=mm&r=g\",\"caption\":\"F4LMF\"},\"url\":\"https:\/\/f6kfv.fr\/index.php\/author\/f4lmf\/\"}]}<\/script>\n<!-- \/ Yoast SEO plugin. -->","yoast_head_json":{"title":"Visite de ER1VS - F6KFV","description":"Viste de ER1VS","robots":{"index":"index","follow":"follow","max-snippet":"max-snippet:-1","max-image-preview":"max-image-preview:large","max-video-preview":"max-video-preview:-1"},"canonical":"https:\/\/f6kfv.fr\/index.php\/2025\/06\/28\/visite-de-er1vs\/","og_locale":"fr_FR","og_type":"article","og_title":"Visite de ER1VS - F6KFV","og_description":"Viste de ER1VS","og_url":"https:\/\/f6kfv.fr\/index.php\/2025\/06\/28\/visite-de-er1vs\/","og_site_name":"F6KFV","article_published_time":"2025-06-28T09:00:19+00:00","article_modified_time":"2025-06-28T09:03:19+00:00","og_image":[{"width":1440,"height":1080,"url":"https:\/\/f6kfv.fr\/wp-content\/uploads\/2025\/06\/KFV_visite_de_ER1VS_20250627_2201_2.jpg","type":"image\/jpeg"}],"author":"F4LMF","twitter_card":"summary_large_image","twitter_misc":{"\u00c9crit par":"F4LMF","Dur\u00e9e de lecture estim\u00e9e":"2 minutes"},"schema":{"@context":"https:\/\/schema.org","@graph":[{"@type":"Article","@id":"https:\/\/f6kfv.fr\/index.php\/2025\/06\/28\/visite-de-er1vs\/#article","isPartOf":{"@id":"https:\/\/f6kfv.fr\/index.php\/2025\/06\/28\/visite-de-er1vs\/"},"author":{"name":"F4LMF","@id":"https:\/\/f6kfv.fr\/#\/schema\/person\/219b36a4c5a981da2a7801fdc8d7eab4"},"headline":"Visite de ER1VS","datePublished":"2025-06-28T09:00:19+00:00","dateModified":"2025-06-28T09:03:19+00:00","mainEntityOfPage":{"@id":"https:\/\/f6kfv.fr\/index.php\/2025\/06\/28\/visite-de-er1vs\/"},"wordCount":196,"commentCount":1,"image":{"@id":"https:\/\/f6kfv.fr\/index.php\/2025\/06\/28\/visite-de-er1vs\/#primaryimage"},"thumbnailUrl":"http:\/\/f6kfv.fr\/wp-content\/uploads\/2025\/06\/KFV_visite_de_ER1VS_20250627_2201_2-1024x768.jpg","articleSection":["Actualit\u00e9s"],"inLanguage":"fr-FR","potentialAction":[{"@type":"CommentAction","name":"Comment","target":["https:\/\/f6kfv.fr\/index.php\/2025\/06\/28\/visite-de-er1vs\/#respond"]}]},{"@type":"WebPage","@id":"https:\/\/f6kfv.fr\/index.php\/2025\/06\/28\/visite-de-er1vs\/","url":"https:\/\/f6kfv.fr\/index.php\/2025\/06\/28\/visite-de-er1vs\/","name":"Visite de ER1VS - F6KFV","isPartOf":{"@id":"https:\/\/f6kfv.fr\/#website"},"primaryImageOfPage":{"@id":"https:\/\/f6kfv.fr\/index.php\/2025\/06\/28\/visite-de-er1vs\/#primaryimage"},"image":{"@id":"https:\/\/f6kfv.fr\/index.php\/2025\/06\/28\/visite-de-er1vs\/#primaryimage"},"thumbnailUrl":"http:\/\/f6kfv.fr\/wp-content\/uploads\/2025\/06\/KFV_visite_de_ER1VS_20250627_2201_2-1024x768.jpg","datePublished":"2025-06-28T09:00:19+00:00","dateModified":"2025-06-28T09:03:19+00:00","author":{"@id":"https:\/\/f6kfv.fr\/#\/schema\/person\/219b36a4c5a981da2a7801fdc8d7eab4"},"description":"Viste de ER1VS","breadcrumb":{"@id":"https:\/\/f6kfv.fr\/index.php\/2025\/06\/28\/visite-de-er1vs\/#breadcrumb"},"inLanguage":"fr-FR","potentialAction":[{"@type":"ReadAction","target":["https:\/\/f6kfv.fr\/index.php\/2025\/06\/28\/visite-de-er1vs\/"]}]},{"@type":"ImageObject","inLanguage":"fr-FR","@id":"https:\/\/f6kfv.fr\/index.php\/2025\/06\/28\/visite-de-er1vs\/#primaryimage","url":"https:\/\/f6kfv.fr\/wp-content\/uploads\/2025\/06\/KFV_visite_de_ER1VS_20250627_2201_2.jpg","contentUrl":"https:\/\/f6kfv.fr\/wp-content\/uploads\/2025\/06\/KFV_visite_de_ER1VS_20250627_2201_2.jpg","width":1440,"height":1080},{"@type":"BreadcrumbList","@id":"https:\/\/f6kfv.fr\/index.php\/2025\/06\/28\/visite-de-er1vs\/#breadcrumb","itemListElement":[{"@type":"ListItem","position":1,"name":"Accueil","item":"https:\/\/f6kfv.fr\/"},{"@type":"ListItem","position":2,"name":"Visite de ER1VS"}]},{"@type":"WebSite","@id":"https:\/\/f6kfv.fr\/#website","url":"https:\/\/f6kfv.fr\/","name":"F6KFV","description":"Radio Club de Versailles \/ Association des Radio Amateurs de Versailles (ARAV)","potentialAction":[{"@type":"SearchAction","target":{"@type":"EntryPoint","urlTemplate":"https:\/\/f6kfv.fr\/?s={search_term_string}"},"query-input":{"@type":"PropertyValueSpecification","valueRequired":true,"valueName":"search_term_string"}}],"inLanguage":"fr-FR"},{"@type":"Person","@id":"https:\/\/f6kfv.fr\/#\/schema\/person\/219b36a4c5a981da2a7801fdc8d7eab4","name":"F4LMF","image":{"@type":"ImageObject","inLanguage":"fr-FR","@id":"https:\/\/f6kfv.fr\/#\/schema\/person\/image\/","url":"https:\/\/secure.gravatar.com\/avatar\/8a00b2dfdea4710d5dcb59d1d5a9a20914d3a2169ad8316ced95df2a77adb516?s=96&d=mm&r=g","contentUrl":"https:\/\/secure.gravatar.com\/avatar\/8a00b2dfdea4710d5dcb59d1d5a9a20914d3a2169ad8316ced95df2a77adb516?s=96&d=mm&r=g","caption":"F4LMF"},"url":"https:\/\/f6kfv.fr\/index.php\/author\/f4lmf\/"}]}},"_links":{"self":[{"href":"https:\/\/f6kfv.fr\/index.php\/wp-json\/wp\/v2\/posts\/215","targetHints":{"allow":["GET"]}}],"collection":[{"href":"https:\/\/f6kfv.fr\/index.php\/wp-json\/wp\/v2\/posts"}],"about":[{"href":"https:\/\/f6kfv.fr\/index.php\/wp-json\/wp\/v2\/types\/post"}],"author":[{"embeddable":true,"href":"https:\/\/f6kfv.fr\/index.php\/wp-json\/wp\/v2\/users\/4"}],"replies":[{"embeddable":true,"href":"https:\/\/f6kfv.fr\/index.php\/wp-json\/wp\/v2\/comments?post=215"}],"version-history":[{"count":2,"href":"https:\/\/f6kfv.fr\/index.php\/wp-json\/wp\/v2\/posts\/215\/revisions"}],"predecessor-version":[{"id":217,"href":"https:\/\/f6kfv.fr\/index.php\/wp-json\/wp\/v2\/posts\/215\/revisions\/217"}],"wp:attachment":[{"href":"https:\/\/f6kfv.fr\/index.php\/wp-json\/wp\/v2\/media?parent=215"}],"wp:term":[{"taxonomy":"category","embeddable":true,"href":"https:\/\/f6kfv.fr\/index.php\/wp-json\/wp\/v2\/categories?post=215"},{"taxonomy":"post_tag","embeddable":true,"href":"https:\/\/f6kfv.fr\/index.php\/wp-json\/wp\/v2\/tags?post=215"}],"curies":[{"name":"wp","href":"https:\/\/api.w.org\/{rel}","templated":true}]}}