{"id":243,"date":"2025-10-08T22:25:02","date_gmt":"2025-10-08T20:25:02","guid":{"rendered":"https:\/\/f6kfv.fr\/?p=243"},"modified":"2025-10-08T22:27:38","modified_gmt":"2025-10-08T20:27:38","slug":"hamxpo-2025","status":"publish","type":"post","link":"https:\/\/f6kfv.fr\/index.php\/2025\/10\/08\/hamxpo-2025\/","title":{"rendered":"HAMEXPO 2025!"},"content":{"rendered":"\n<p>Le salon HamExpo 2025, se d\u00e9roulera au Parc des Expositions du Mans (72) Hall D<br><strong>Le samedi 18 octobre 2025 de 9h \u00e0 18h.<\/strong><br>Tarif entr\u00e9e : 10 \u20ac<br>Entr\u00e9e gratuite pour les YL, les enfants jusqu\u2019\u00e0 16 ans et les \u00e9tudiants sur pr\u00e9sentation de leur carte.<\/p>\n\n\n\n<figure class=\"wp-block-image size-full is-resized\"><img loading=\"lazy\" decoding=\"async\" width=\"724\" height=\"1024\" src=\"https:\/\/f6kfv.fr\/wp-content\/uploads\/2025\/10\/REF_Salons-2025_HAMEXPO-724x1024-1.jpg\" alt=\"\" class=\"wp-image-244\" style=\"width:739px;height:auto\" srcset=\"https:\/\/f6kfv.fr\/wp-content\/uploads\/2025\/10\/REF_Salons-2025_HAMEXPO-724x1024-1.jpg 724w, https:\/\/f6kfv.fr\/wp-content\/uploads\/2025\/10\/REF_Salons-2025_HAMEXPO-724x1024-1-212x300.jpg 212w\" sizes=\"auto, (max-width: 724px) 100vw, 724px\" \/><\/figure>\n","protected":false},"excerpt":{"rendered":"<p>Le salon HamExpo 2025, se d\u00e9roulera au Parc des Expositions du Mans (72) Hall DLe samedi 18 octobre<\/p>\n","protected":false},"author":4,"featured_media":0,"comment_status":"open","ping_status":"open","sticky":false,"template":"","format":"standard","meta":{"footnotes":""},"categories":[8],"tags":[],"class_list":["post-243","post","type-post","status-publish","format-standard","hentry","category-actualites"],"yoast_head":"<!-- This site is optimized with the Yoast SEO plugin v26.7 - https:\/\/yoast.com\/wordpress\/plugins\/seo\/ -->\n<title>HAMEXPO 2025! - F6KFV<\/title>\n<meta name=\"robots\" content=\"index, follow, max-snippet:-1, max-image-preview:large, max-video-preview:-1\" \/>\n<link rel=\"canonical\" href=\"https:\/\/f6kfv.fr\/index.php\/2025\/10\/08\/hamxpo-2025\/\" \/>\n<meta property=\"og:locale\" content=\"fr_FR\" \/>\n<meta property=\"og:type\" content=\"article\" \/>\n<meta property=\"og:title\" content=\"HAMEXPO 2025! - F6KFV\" \/>\n<meta property=\"og:description\" content=\"Le salon HamExpo 2025, se d\u00e9roulera au Parc des Expositions du Mans (72) Hall DLe samedi 18 octobre\" \/>\n<meta property=\"og:url\" content=\"https:\/\/f6kfv.fr\/index.php\/2025\/10\/08\/hamxpo-2025\/\" \/>\n<meta property=\"og:site_name\" content=\"F6KFV\" \/>\n<meta property=\"article:published_time\" content=\"2025-10-08T20:25:02+00:00\" \/>\n<meta property=\"article:modified_time\" content=\"2025-10-08T20:27:38+00:00\" \/>\n<meta property=\"og:image\" content=\"https:\/\/f6kfv.fr\/wp-content\/uploads\/2025\/10\/REF_Salons-2025_HAMEXPO-724x1024-1.jpg\" \/>\n\t<meta property=\"og:image:width\" content=\"724\" \/>\n\t<meta property=\"og:image:height\" content=\"1024\" \/>\n\t<meta property=\"og:image:type\" content=\"image\/jpeg\" \/>\n<meta name=\"author\" content=\"F4LMF\" \/>\n<meta name=\"twitter:card\" content=\"summary_large_image\" \/>\n<meta name=\"twitter:label1\" content=\"\u00c9crit par\" \/>\n\t<meta name=\"twitter:data1\" content=\"F4LMF\" \/>\n\t<meta name=\"twitter:label2\" content=\"Dur\u00e9e de lecture estim\u00e9e\" \/>\n\t<meta name=\"twitter:data2\" content=\"1 minute\" \/>\n<script type=\"application\/ld+json\" class=\"yoast-schema-graph\">{\"@context\":\"https:\/\/schema.org\",\"@graph\":[{\"@type\":\"Article\",\"@id\":\"https:\/\/f6kfv.fr\/index.php\/2025\/10\/08\/hamxpo-2025\/#article\",\"isPartOf\":{\"@id\":\"https:\/\/f6kfv.fr\/index.php\/2025\/10\/08\/hamxpo-2025\/\"},\"author\":{\"name\":\"F4LMF\",\"@id\":\"https:\/\/f6kfv.fr\/#\/schema\/person\/219b36a4c5a981da2a7801fdc8d7eab4\"},\"headline\":\"HAMEXPO 2025!\",\"datePublished\":\"2025-10-08T20:25:02+00:00\",\"dateModified\":\"2025-10-08T20:27:38+00:00\",\"mainEntityOfPage\":{\"@id\":\"https:\/\/f6kfv.fr\/index.php\/2025\/10\/08\/hamxpo-2025\/\"},\"wordCount\":43,\"commentCount\":0,\"image\":{\"@id\":\"https:\/\/f6kfv.fr\/index.php\/2025\/10\/08\/hamxpo-2025\/#primaryimage\"},\"thumbnailUrl\":\"https:\/\/f6kfv.fr\/wp-content\/uploads\/2025\/10\/REF_Salons-2025_HAMEXPO-724x1024-1.jpg\",\"articleSection\":[\"Actualit\u00e9s\"],\"inLanguage\":\"fr-FR\",\"potentialAction\":[{\"@type\":\"CommentAction\",\"name\":\"Comment\",\"target\":[\"https:\/\/f6kfv.fr\/index.php\/2025\/10\/08\/hamxpo-2025\/#respond\"]}]},{\"@type\":\"WebPage\",\"@id\":\"https:\/\/f6kfv.fr\/index.php\/2025\/10\/08\/hamxpo-2025\/\",\"url\":\"https:\/\/f6kfv.fr\/index.php\/2025\/10\/08\/hamxpo-2025\/\",\"name\":\"HAMEXPO 2025! - F6KFV\",\"isPartOf\":{\"@id\":\"https:\/\/f6kfv.fr\/#website\"},\"primaryImageOfPage\":{\"@id\":\"https:\/\/f6kfv.fr\/index.php\/2025\/10\/08\/hamxpo-2025\/#primaryimage\"},\"image\":{\"@id\":\"https:\/\/f6kfv.fr\/index.php\/2025\/10\/08\/hamxpo-2025\/#primaryimage\"},\"thumbnailUrl\":\"https:\/\/f6kfv.fr\/wp-content\/uploads\/2025\/10\/REF_Salons-2025_HAMEXPO-724x1024-1.jpg\",\"datePublished\":\"2025-10-08T20:25:02+00:00\",\"dateModified\":\"2025-10-08T20:27:38+00:00\",\"author\":{\"@id\":\"https:\/\/f6kfv.fr\/#\/schema\/person\/219b36a4c5a981da2a7801fdc8d7eab4\"},\"breadcrumb\":{\"@id\":\"https:\/\/f6kfv.fr\/index.php\/2025\/10\/08\/hamxpo-2025\/#breadcrumb\"},\"inLanguage\":\"fr-FR\",\"potentialAction\":[{\"@type\":\"ReadAction\",\"target\":[\"https:\/\/f6kfv.fr\/index.php\/2025\/10\/08\/hamxpo-2025\/\"]}]},{\"@type\":\"ImageObject\",\"inLanguage\":\"fr-FR\",\"@id\":\"https:\/\/f6kfv.fr\/index.php\/2025\/10\/08\/hamxpo-2025\/#primaryimage\",\"url\":\"https:\/\/f6kfv.fr\/wp-content\/uploads\/2025\/10\/REF_Salons-2025_HAMEXPO-724x1024-1.jpg\",\"contentUrl\":\"https:\/\/f6kfv.fr\/wp-content\/uploads\/2025\/10\/REF_Salons-2025_HAMEXPO-724x1024-1.jpg\",\"width\":724,\"height\":1024},{\"@type\":\"BreadcrumbList\",\"@id\":\"https:\/\/f6kfv.fr\/index.php\/2025\/10\/08\/hamxpo-2025\/#breadcrumb\",\"itemListElement\":[{\"@type\":\"ListItem\",\"position\":1,\"name\":\"Accueil\",\"item\":\"https:\/\/f6kfv.fr\/\"},{\"@type\":\"ListItem\",\"position\":2,\"name\":\"HAMEXPO 2025!\"}]},{\"@type\":\"WebSite\",\"@id\":\"https:\/\/f6kfv.fr\/#website\",\"url\":\"https:\/\/f6kfv.fr\/\",\"name\":\"F6KFV\",\"description\":\"Radio Club de Versailles \/ Association des Radio Amateurs de Versailles (ARAV)\",\"potentialAction\":[{\"@type\":\"SearchAction\",\"target\":{\"@type\":\"EntryPoint\",\"urlTemplate\":\"https:\/\/f6kfv.fr\/?s={search_term_string}\"},\"query-input\":{\"@type\":\"PropertyValueSpecification\",\"valueRequired\":true,\"valueName\":\"search_term_string\"}}],\"inLanguage\":\"fr-FR\"},{\"@type\":\"Person\",\"@id\":\"https:\/\/f6kfv.fr\/#\/schema\/person\/219b36a4c5a981da2a7801fdc8d7eab4\",\"name\":\"F4LMF\",\"image\":{\"@type\":\"ImageObject\",\"inLanguage\":\"fr-FR\",\"@id\":\"https:\/\/f6kfv.fr\/#\/schema\/person\/image\/\",\"url\":\"https:\/\/secure.gravatar.com\/avatar\/8a00b2dfdea4710d5dcb59d1d5a9a20914d3a2169ad8316ced95df2a77adb516?s=96&d=mm&r=g\",\"contentUrl\":\"https:\/\/secure.gravatar.com\/avatar\/8a00b2dfdea4710d5dcb59d1d5a9a20914d3a2169ad8316ced95df2a77adb516?s=96&d=mm&r=g\",\"caption\":\"F4LMF\"},\"url\":\"https:\/\/f6kfv.fr\/index.php\/author\/f4lmf\/\"}]}<\/script>\n<!-- \/ Yoast SEO plugin. -->","yoast_head_json":{"title":"HAMEXPO 2025! - F6KFV","robots":{"index":"index","follow":"follow","max-snippet":"max-snippet:-1","max-image-preview":"max-image-preview:large","max-video-preview":"max-video-preview:-1"},"canonical":"https:\/\/f6kfv.fr\/index.php\/2025\/10\/08\/hamxpo-2025\/","og_locale":"fr_FR","og_type":"article","og_title":"HAMEXPO 2025! - F6KFV","og_description":"Le salon HamExpo 2025, se d\u00e9roulera au Parc des Expositions du Mans (72) Hall DLe samedi 18 octobre","og_url":"https:\/\/f6kfv.fr\/index.php\/2025\/10\/08\/hamxpo-2025\/","og_site_name":"F6KFV","article_published_time":"2025-10-08T20:25:02+00:00","article_modified_time":"2025-10-08T20:27:38+00:00","og_image":[{"width":724,"height":1024,"url":"https:\/\/f6kfv.fr\/wp-content\/uploads\/2025\/10\/REF_Salons-2025_HAMEXPO-724x1024-1.jpg","type":"image\/jpeg"}],"author":"F4LMF","twitter_card":"summary_large_image","twitter_misc":{"\u00c9crit par":"F4LMF","Dur\u00e9e de lecture estim\u00e9e":"1 minute"},"schema":{"@context":"https:\/\/schema.org","@graph":[{"@type":"Article","@id":"https:\/\/f6kfv.fr\/index.php\/2025\/10\/08\/hamxpo-2025\/#article","isPartOf":{"@id":"https:\/\/f6kfv.fr\/index.php\/2025\/10\/08\/hamxpo-2025\/"},"author":{"name":"F4LMF","@id":"https:\/\/f6kfv.fr\/#\/schema\/person\/219b36a4c5a981da2a7801fdc8d7eab4"},"headline":"HAMEXPO 2025!","datePublished":"2025-10-08T20:25:02+00:00","dateModified":"2025-10-08T20:27:38+00:00","mainEntityOfPage":{"@id":"https:\/\/f6kfv.fr\/index.php\/2025\/10\/08\/hamxpo-2025\/"},"wordCount":43,"commentCount":0,"image":{"@id":"https:\/\/f6kfv.fr\/index.php\/2025\/10\/08\/hamxpo-2025\/#primaryimage"},"thumbnailUrl":"https:\/\/f6kfv.fr\/wp-content\/uploads\/2025\/10\/REF_Salons-2025_HAMEXPO-724x1024-1.jpg","articleSection":["Actualit\u00e9s"],"inLanguage":"fr-FR","potentialAction":[{"@type":"CommentAction","name":"Comment","target":["https:\/\/f6kfv.fr\/index.php\/2025\/10\/08\/hamxpo-2025\/#respond"]}]},{"@type":"WebPage","@id":"https:\/\/f6kfv.fr\/index.php\/2025\/10\/08\/hamxpo-2025\/","url":"https:\/\/f6kfv.fr\/index.php\/2025\/10\/08\/hamxpo-2025\/","name":"HAMEXPO 2025! - F6KFV","isPartOf":{"@id":"https:\/\/f6kfv.fr\/#website"},"primaryImageOfPage":{"@id":"https:\/\/f6kfv.fr\/index.php\/2025\/10\/08\/hamxpo-2025\/#primaryimage"},"image":{"@id":"https:\/\/f6kfv.fr\/index.php\/2025\/10\/08\/hamxpo-2025\/#primaryimage"},"thumbnailUrl":"https:\/\/f6kfv.fr\/wp-content\/uploads\/2025\/10\/REF_Salons-2025_HAMEXPO-724x1024-1.jpg","datePublished":"2025-10-08T20:25:02+00:00","dateModified":"2025-10-08T20:27:38+00:00","author":{"@id":"https:\/\/f6kfv.fr\/#\/schema\/person\/219b36a4c5a981da2a7801fdc8d7eab4"},"breadcrumb":{"@id":"https:\/\/f6kfv.fr\/index.php\/2025\/10\/08\/hamxpo-2025\/#breadcrumb"},"inLanguage":"fr-FR","potentialAction":[{"@type":"ReadAction","target":["https:\/\/f6kfv.fr\/index.php\/2025\/10\/08\/hamxpo-2025\/"]}]},{"@type":"ImageObject","inLanguage":"fr-FR","@id":"https:\/\/f6kfv.fr\/index.php\/2025\/10\/08\/hamxpo-2025\/#primaryimage","url":"https:\/\/f6kfv.fr\/wp-content\/uploads\/2025\/10\/REF_Salons-2025_HAMEXPO-724x1024-1.jpg","contentUrl":"https:\/\/f6kfv.fr\/wp-content\/uploads\/2025\/10\/REF_Salons-2025_HAMEXPO-724x1024-1.jpg","width":724,"height":1024},{"@type":"BreadcrumbList","@id":"https:\/\/f6kfv.fr\/index.php\/2025\/10\/08\/hamxpo-2025\/#breadcrumb","itemListElement":[{"@type":"ListItem","position":1,"name":"Accueil","item":"https:\/\/f6kfv.fr\/"},{"@type":"ListItem","position":2,"name":"HAMEXPO 2025!"}]},{"@type":"WebSite","@id":"https:\/\/f6kfv.fr\/#website","url":"https:\/\/f6kfv.fr\/","name":"F6KFV","description":"Radio Club de Versailles \/ Association des Radio Amateurs de Versailles (ARAV)","potentialAction":[{"@type":"SearchAction","target":{"@type":"EntryPoint","urlTemplate":"https:\/\/f6kfv.fr\/?s={search_term_string}"},"query-input":{"@type":"PropertyValueSpecification","valueRequired":true,"valueName":"search_term_string"}}],"inLanguage":"fr-FR"},{"@type":"Person","@id":"https:\/\/f6kfv.fr\/#\/schema\/person\/219b36a4c5a981da2a7801fdc8d7eab4","name":"F4LMF","image":{"@type":"ImageObject","inLanguage":"fr-FR","@id":"https:\/\/f6kfv.fr\/#\/schema\/person\/image\/","url":"https:\/\/secure.gravatar.com\/avatar\/8a00b2dfdea4710d5dcb59d1d5a9a20914d3a2169ad8316ced95df2a77adb516?s=96&d=mm&r=g","contentUrl":"https:\/\/secure.gravatar.com\/avatar\/8a00b2dfdea4710d5dcb59d1d5a9a20914d3a2169ad8316ced95df2a77adb516?s=96&d=mm&r=g","caption":"F4LMF"},"url":"https:\/\/f6kfv.fr\/index.php\/author\/f4lmf\/"}]}},"_links":{"self":[{"href":"https:\/\/f6kfv.fr\/index.php\/wp-json\/wp\/v2\/posts\/243","targetHints":{"allow":["GET"]}}],"collection":[{"href":"https:\/\/f6kfv.fr\/index.php\/wp-json\/wp\/v2\/posts"}],"about":[{"href":"https:\/\/f6kfv.fr\/index.php\/wp-json\/wp\/v2\/types\/post"}],"author":[{"embeddable":true,"href":"https:\/\/f6kfv.fr\/index.php\/wp-json\/wp\/v2\/users\/4"}],"replies":[{"embeddable":true,"href":"https:\/\/f6kfv.fr\/index.php\/wp-json\/wp\/v2\/comments?post=243"}],"version-history":[{"count":2,"href":"https:\/\/f6kfv.fr\/index.php\/wp-json\/wp\/v2\/posts\/243\/revisions"}],"predecessor-version":[{"id":246,"href":"https:\/\/f6kfv.fr\/index.php\/wp-json\/wp\/v2\/posts\/243\/revisions\/246"}],"wp:attachment":[{"href":"https:\/\/f6kfv.fr\/index.php\/wp-json\/wp\/v2\/media?parent=243"}],"wp:term":[{"taxonomy":"category","embeddable":true,"href":"https:\/\/f6kfv.fr\/index.php\/wp-json\/wp\/v2\/categories?post=243"},{"taxonomy":"post_tag","embeddable":true,"href":"https:\/\/f6kfv.fr\/index.php\/wp-json\/wp\/v2\/tags?post=243"}],"curies":[{"name":"wp","href":"https:\/\/api.w.org\/{rel}","templated":true}]}}