{"id":254,"date":"2026-01-18T20:56:38","date_gmt":"2026-01-18T19:56:38","guid":{"rendered":"https:\/\/f6kfv.fr\/?p=254"},"modified":"2026-01-18T20:56:39","modified_gmt":"2026-01-18T19:56:39","slug":"assemblee-generale-du-17-janvier-2026","status":"publish","type":"post","link":"https:\/\/f6kfv.fr\/index.php\/2026\/01\/18\/assemblee-generale-du-17-janvier-2026\/","title":{"rendered":"Assembl\u00e9e G\u00e9n\u00e9rale du 17 janvier 2026"},"content":{"rendered":"\n<p>L&rsquo;ARAV \u00e0 tenu son assembl\u00e9e g\u00e9n\u00e9rale samedi 17 janvier 2026.<\/p>\n\n\n\n<p>Le bilan de l&rsquo;ann\u00e9e pass\u00e9e a \u00e9t\u00e9 pr\u00e9sent\u00e9 par le pr\u00e9sident de notre association.<\/p>\n\n\n\n<p>Puis le bilan comptable a \u00e9t\u00e9 pr\u00e9sent\u00e9 \u00e0 son tour par le tr\u00e9sorier.<\/p>\n\n\n\n<p>Pour finir nos nombreux projets pour l&rsquo;ann\u00e9e 2026 ont \u00e9t\u00e9 eux aussi pr\u00e9sent\u00e9s devant l&rsquo;assembl\u00e9e des membres pr\u00e9sents, notamment celui qui nous tiens particuli\u00e8rement \u00e0 c\u0153ur, c&rsquo;est \u00e0 dire la remise en place d&rsquo;un pyl\u00f4ne de mani\u00e8re \u00e0 remettre en place nos antennes de fa\u00e7on plus p\u00e9renne.<\/p>\n\n\n\n<p>Pour finir, le bureau a vot\u00e9 le maintien du bureau actuel \u00e0 l&rsquo;unanimit\u00e9.<\/p>\n\n\n\n<figure class=\"wp-block-image size-full is-resized\"><img loading=\"lazy\" decoding=\"async\" width=\"400\" height=\"267\" src=\"http:\/\/f6kfv.fr\/wp-content\/uploads\/2026\/01\/F6KFV.png\" alt=\"\" class=\"wp-image-251\" style=\"width:577px;height:auto\" srcset=\"https:\/\/f6kfv.fr\/wp-content\/uploads\/2026\/01\/F6KFV.png 400w, https:\/\/f6kfv.fr\/wp-content\/uploads\/2026\/01\/F6KFV-300x200.png 300w\" sizes=\"auto, (max-width: 400px) 100vw, 400px\" \/><\/figure>\n","protected":false},"excerpt":{"rendered":"<p>L&rsquo;ARAV \u00e0 tenu son assembl\u00e9e g\u00e9n\u00e9rale samedi 17 janvier 2026. Le bilan de l&rsquo;ann\u00e9e pass\u00e9e a \u00e9t\u00e9 pr\u00e9sent\u00e9<\/p>\n","protected":false},"author":4,"featured_media":0,"comment_status":"open","ping_status":"open","sticky":false,"template":"","format":"standard","meta":{"footnotes":""},"categories":[1],"tags":[],"class_list":["post-254","post","type-post","status-publish","format-standard","hentry","category-non-classe"],"yoast_head":"<!-- This site is optimized with the Yoast SEO plugin v26.7 - https:\/\/yoast.com\/wordpress\/plugins\/seo\/ -->\n<title>Assembl\u00e9e G\u00e9n\u00e9rale du 17 janvier 2026 - F6KFV<\/title>\n<meta name=\"robots\" content=\"index, follow, max-snippet:-1, max-image-preview:large, max-video-preview:-1\" \/>\n<link rel=\"canonical\" href=\"https:\/\/f6kfv.fr\/index.php\/2026\/01\/18\/assemblee-generale-du-17-janvier-2026\/\" \/>\n<meta property=\"og:locale\" content=\"fr_FR\" \/>\n<meta property=\"og:type\" content=\"article\" \/>\n<meta property=\"og:title\" content=\"Assembl\u00e9e G\u00e9n\u00e9rale du 17 janvier 2026 - F6KFV\" \/>\n<meta property=\"og:description\" content=\"L&rsquo;ARAV \u00e0 tenu son assembl\u00e9e g\u00e9n\u00e9rale samedi 17 janvier 2026. Le bilan de l&rsquo;ann\u00e9e pass\u00e9e a \u00e9t\u00e9 pr\u00e9sent\u00e9\" \/>\n<meta property=\"og:url\" content=\"https:\/\/f6kfv.fr\/index.php\/2026\/01\/18\/assemblee-generale-du-17-janvier-2026\/\" \/>\n<meta property=\"og:site_name\" content=\"F6KFV\" \/>\n<meta property=\"article:published_time\" content=\"2026-01-18T19:56:38+00:00\" \/>\n<meta property=\"article:modified_time\" content=\"2026-01-18T19:56:39+00:00\" \/>\n<meta property=\"og:image\" content=\"https:\/\/f6kfv.fr\/wp-content\/uploads\/2026\/01\/F6KFV.png\" \/>\n\t<meta property=\"og:image:width\" content=\"400\" \/>\n\t<meta property=\"og:image:height\" content=\"267\" \/>\n\t<meta property=\"og:image:type\" content=\"image\/png\" \/>\n<meta name=\"author\" content=\"F4LMF\" \/>\n<meta name=\"twitter:card\" content=\"summary_large_image\" \/>\n<meta name=\"twitter:label1\" content=\"\u00c9crit par\" \/>\n\t<meta name=\"twitter:data1\" content=\"F4LMF\" \/>\n\t<meta name=\"twitter:label2\" content=\"Dur\u00e9e de lecture estim\u00e9e\" \/>\n\t<meta name=\"twitter:data2\" content=\"1 minute\" \/>\n<script type=\"application\/ld+json\" class=\"yoast-schema-graph\">{\"@context\":\"https:\/\/schema.org\",\"@graph\":[{\"@type\":\"Article\",\"@id\":\"https:\/\/f6kfv.fr\/index.php\/2026\/01\/18\/assemblee-generale-du-17-janvier-2026\/#article\",\"isPartOf\":{\"@id\":\"https:\/\/f6kfv.fr\/index.php\/2026\/01\/18\/assemblee-generale-du-17-janvier-2026\/\"},\"author\":{\"name\":\"F4LMF\",\"@id\":\"https:\/\/f6kfv.fr\/#\/schema\/person\/219b36a4c5a981da2a7801fdc8d7eab4\"},\"headline\":\"Assembl\u00e9e G\u00e9n\u00e9rale du 17 janvier 2026\",\"datePublished\":\"2026-01-18T19:56:38+00:00\",\"dateModified\":\"2026-01-18T19:56:39+00:00\",\"mainEntityOfPage\":{\"@id\":\"https:\/\/f6kfv.fr\/index.php\/2026\/01\/18\/assemblee-generale-du-17-janvier-2026\/\"},\"wordCount\":115,\"commentCount\":0,\"image\":{\"@id\":\"https:\/\/f6kfv.fr\/index.php\/2026\/01\/18\/assemblee-generale-du-17-janvier-2026\/#primaryimage\"},\"thumbnailUrl\":\"http:\/\/f6kfv.fr\/wp-content\/uploads\/2026\/01\/F6KFV.png\",\"inLanguage\":\"fr-FR\",\"potentialAction\":[{\"@type\":\"CommentAction\",\"name\":\"Comment\",\"target\":[\"https:\/\/f6kfv.fr\/index.php\/2026\/01\/18\/assemblee-generale-du-17-janvier-2026\/#respond\"]}]},{\"@type\":\"WebPage\",\"@id\":\"https:\/\/f6kfv.fr\/index.php\/2026\/01\/18\/assemblee-generale-du-17-janvier-2026\/\",\"url\":\"https:\/\/f6kfv.fr\/index.php\/2026\/01\/18\/assemblee-generale-du-17-janvier-2026\/\",\"name\":\"Assembl\u00e9e G\u00e9n\u00e9rale du 17 janvier 2026 - F6KFV\",\"isPartOf\":{\"@id\":\"https:\/\/f6kfv.fr\/#website\"},\"primaryImageOfPage\":{\"@id\":\"https:\/\/f6kfv.fr\/index.php\/2026\/01\/18\/assemblee-generale-du-17-janvier-2026\/#primaryimage\"},\"image\":{\"@id\":\"https:\/\/f6kfv.fr\/index.php\/2026\/01\/18\/assemblee-generale-du-17-janvier-2026\/#primaryimage\"},\"thumbnailUrl\":\"http:\/\/f6kfv.fr\/wp-content\/uploads\/2026\/01\/F6KFV.png\",\"datePublished\":\"2026-01-18T19:56:38+00:00\",\"dateModified\":\"2026-01-18T19:56:39+00:00\",\"author\":{\"@id\":\"https:\/\/f6kfv.fr\/#\/schema\/person\/219b36a4c5a981da2a7801fdc8d7eab4\"},\"breadcrumb\":{\"@id\":\"https:\/\/f6kfv.fr\/index.php\/2026\/01\/18\/assemblee-generale-du-17-janvier-2026\/#breadcrumb\"},\"inLanguage\":\"fr-FR\",\"potentialAction\":[{\"@type\":\"ReadAction\",\"target\":[\"https:\/\/f6kfv.fr\/index.php\/2026\/01\/18\/assemblee-generale-du-17-janvier-2026\/\"]}]},{\"@type\":\"ImageObject\",\"inLanguage\":\"fr-FR\",\"@id\":\"https:\/\/f6kfv.fr\/index.php\/2026\/01\/18\/assemblee-generale-du-17-janvier-2026\/#primaryimage\",\"url\":\"https:\/\/f6kfv.fr\/wp-content\/uploads\/2026\/01\/F6KFV.png\",\"contentUrl\":\"https:\/\/f6kfv.fr\/wp-content\/uploads\/2026\/01\/F6KFV.png\",\"width\":400,\"height\":267},{\"@type\":\"BreadcrumbList\",\"@id\":\"https:\/\/f6kfv.fr\/index.php\/2026\/01\/18\/assemblee-generale-du-17-janvier-2026\/#breadcrumb\",\"itemListElement\":[{\"@type\":\"ListItem\",\"position\":1,\"name\":\"Accueil\",\"item\":\"https:\/\/f6kfv.fr\/\"},{\"@type\":\"ListItem\",\"position\":2,\"name\":\"Assembl\u00e9e G\u00e9n\u00e9rale du 17 janvier 2026\"}]},{\"@type\":\"WebSite\",\"@id\":\"https:\/\/f6kfv.fr\/#website\",\"url\":\"https:\/\/f6kfv.fr\/\",\"name\":\"F6KFV\",\"description\":\"Radio Club de Versailles \/ Association des Radio Amateurs de Versailles (ARAV)\",\"potentialAction\":[{\"@type\":\"SearchAction\",\"target\":{\"@type\":\"EntryPoint\",\"urlTemplate\":\"https:\/\/f6kfv.fr\/?s={search_term_string}\"},\"query-input\":{\"@type\":\"PropertyValueSpecification\",\"valueRequired\":true,\"valueName\":\"search_term_string\"}}],\"inLanguage\":\"fr-FR\"},{\"@type\":\"Person\",\"@id\":\"https:\/\/f6kfv.fr\/#\/schema\/person\/219b36a4c5a981da2a7801fdc8d7eab4\",\"name\":\"F4LMF\",\"image\":{\"@type\":\"ImageObject\",\"inLanguage\":\"fr-FR\",\"@id\":\"https:\/\/f6kfv.fr\/#\/schema\/person\/image\/\",\"url\":\"https:\/\/secure.gravatar.com\/avatar\/8a00b2dfdea4710d5dcb59d1d5a9a20914d3a2169ad8316ced95df2a77adb516?s=96&d=mm&r=g\",\"contentUrl\":\"https:\/\/secure.gravatar.com\/avatar\/8a00b2dfdea4710d5dcb59d1d5a9a20914d3a2169ad8316ced95df2a77adb516?s=96&d=mm&r=g\",\"caption\":\"F4LMF\"},\"url\":\"https:\/\/f6kfv.fr\/index.php\/author\/f4lmf\/\"}]}<\/script>\n<!-- \/ Yoast SEO plugin. -->","yoast_head_json":{"title":"Assembl\u00e9e G\u00e9n\u00e9rale du 17 janvier 2026 - F6KFV","robots":{"index":"index","follow":"follow","max-snippet":"max-snippet:-1","max-image-preview":"max-image-preview:large","max-video-preview":"max-video-preview:-1"},"canonical":"https:\/\/f6kfv.fr\/index.php\/2026\/01\/18\/assemblee-generale-du-17-janvier-2026\/","og_locale":"fr_FR","og_type":"article","og_title":"Assembl\u00e9e G\u00e9n\u00e9rale du 17 janvier 2026 - F6KFV","og_description":"L&rsquo;ARAV \u00e0 tenu son assembl\u00e9e g\u00e9n\u00e9rale samedi 17 janvier 2026. Le bilan de l&rsquo;ann\u00e9e pass\u00e9e a \u00e9t\u00e9 pr\u00e9sent\u00e9","og_url":"https:\/\/f6kfv.fr\/index.php\/2026\/01\/18\/assemblee-generale-du-17-janvier-2026\/","og_site_name":"F6KFV","article_published_time":"2026-01-18T19:56:38+00:00","article_modified_time":"2026-01-18T19:56:39+00:00","og_image":[{"width":400,"height":267,"url":"https:\/\/f6kfv.fr\/wp-content\/uploads\/2026\/01\/F6KFV.png","type":"image\/png"}],"author":"F4LMF","twitter_card":"summary_large_image","twitter_misc":{"\u00c9crit par":"F4LMF","Dur\u00e9e de lecture estim\u00e9e":"1 minute"},"schema":{"@context":"https:\/\/schema.org","@graph":[{"@type":"Article","@id":"https:\/\/f6kfv.fr\/index.php\/2026\/01\/18\/assemblee-generale-du-17-janvier-2026\/#article","isPartOf":{"@id":"https:\/\/f6kfv.fr\/index.php\/2026\/01\/18\/assemblee-generale-du-17-janvier-2026\/"},"author":{"name":"F4LMF","@id":"https:\/\/f6kfv.fr\/#\/schema\/person\/219b36a4c5a981da2a7801fdc8d7eab4"},"headline":"Assembl\u00e9e G\u00e9n\u00e9rale du 17 janvier 2026","datePublished":"2026-01-18T19:56:38+00:00","dateModified":"2026-01-18T19:56:39+00:00","mainEntityOfPage":{"@id":"https:\/\/f6kfv.fr\/index.php\/2026\/01\/18\/assemblee-generale-du-17-janvier-2026\/"},"wordCount":115,"commentCount":0,"image":{"@id":"https:\/\/f6kfv.fr\/index.php\/2026\/01\/18\/assemblee-generale-du-17-janvier-2026\/#primaryimage"},"thumbnailUrl":"http:\/\/f6kfv.fr\/wp-content\/uploads\/2026\/01\/F6KFV.png","inLanguage":"fr-FR","potentialAction":[{"@type":"CommentAction","name":"Comment","target":["https:\/\/f6kfv.fr\/index.php\/2026\/01\/18\/assemblee-generale-du-17-janvier-2026\/#respond"]}]},{"@type":"WebPage","@id":"https:\/\/f6kfv.fr\/index.php\/2026\/01\/18\/assemblee-generale-du-17-janvier-2026\/","url":"https:\/\/f6kfv.fr\/index.php\/2026\/01\/18\/assemblee-generale-du-17-janvier-2026\/","name":"Assembl\u00e9e G\u00e9n\u00e9rale du 17 janvier 2026 - F6KFV","isPartOf":{"@id":"https:\/\/f6kfv.fr\/#website"},"primaryImageOfPage":{"@id":"https:\/\/f6kfv.fr\/index.php\/2026\/01\/18\/assemblee-generale-du-17-janvier-2026\/#primaryimage"},"image":{"@id":"https:\/\/f6kfv.fr\/index.php\/2026\/01\/18\/assemblee-generale-du-17-janvier-2026\/#primaryimage"},"thumbnailUrl":"http:\/\/f6kfv.fr\/wp-content\/uploads\/2026\/01\/F6KFV.png","datePublished":"2026-01-18T19:56:38+00:00","dateModified":"2026-01-18T19:56:39+00:00","author":{"@id":"https:\/\/f6kfv.fr\/#\/schema\/person\/219b36a4c5a981da2a7801fdc8d7eab4"},"breadcrumb":{"@id":"https:\/\/f6kfv.fr\/index.php\/2026\/01\/18\/assemblee-generale-du-17-janvier-2026\/#breadcrumb"},"inLanguage":"fr-FR","potentialAction":[{"@type":"ReadAction","target":["https:\/\/f6kfv.fr\/index.php\/2026\/01\/18\/assemblee-generale-du-17-janvier-2026\/"]}]},{"@type":"ImageObject","inLanguage":"fr-FR","@id":"https:\/\/f6kfv.fr\/index.php\/2026\/01\/18\/assemblee-generale-du-17-janvier-2026\/#primaryimage","url":"https:\/\/f6kfv.fr\/wp-content\/uploads\/2026\/01\/F6KFV.png","contentUrl":"https:\/\/f6kfv.fr\/wp-content\/uploads\/2026\/01\/F6KFV.png","width":400,"height":267},{"@type":"BreadcrumbList","@id":"https:\/\/f6kfv.fr\/index.php\/2026\/01\/18\/assemblee-generale-du-17-janvier-2026\/#breadcrumb","itemListElement":[{"@type":"ListItem","position":1,"name":"Accueil","item":"https:\/\/f6kfv.fr\/"},{"@type":"ListItem","position":2,"name":"Assembl\u00e9e G\u00e9n\u00e9rale du 17 janvier 2026"}]},{"@type":"WebSite","@id":"https:\/\/f6kfv.fr\/#website","url":"https:\/\/f6kfv.fr\/","name":"F6KFV","description":"Radio Club de Versailles \/ Association des Radio Amateurs de Versailles (ARAV)","potentialAction":[{"@type":"SearchAction","target":{"@type":"EntryPoint","urlTemplate":"https:\/\/f6kfv.fr\/?s={search_term_string}"},"query-input":{"@type":"PropertyValueSpecification","valueRequired":true,"valueName":"search_term_string"}}],"inLanguage":"fr-FR"},{"@type":"Person","@id":"https:\/\/f6kfv.fr\/#\/schema\/person\/219b36a4c5a981da2a7801fdc8d7eab4","name":"F4LMF","image":{"@type":"ImageObject","inLanguage":"fr-FR","@id":"https:\/\/f6kfv.fr\/#\/schema\/person\/image\/","url":"https:\/\/secure.gravatar.com\/avatar\/8a00b2dfdea4710d5dcb59d1d5a9a20914d3a2169ad8316ced95df2a77adb516?s=96&d=mm&r=g","contentUrl":"https:\/\/secure.gravatar.com\/avatar\/8a00b2dfdea4710d5dcb59d1d5a9a20914d3a2169ad8316ced95df2a77adb516?s=96&d=mm&r=g","caption":"F4LMF"},"url":"https:\/\/f6kfv.fr\/index.php\/author\/f4lmf\/"}]}},"_links":{"self":[{"href":"https:\/\/f6kfv.fr\/index.php\/wp-json\/wp\/v2\/posts\/254","targetHints":{"allow":["GET"]}}],"collection":[{"href":"https:\/\/f6kfv.fr\/index.php\/wp-json\/wp\/v2\/posts"}],"about":[{"href":"https:\/\/f6kfv.fr\/index.php\/wp-json\/wp\/v2\/types\/post"}],"author":[{"embeddable":true,"href":"https:\/\/f6kfv.fr\/index.php\/wp-json\/wp\/v2\/users\/4"}],"replies":[{"embeddable":true,"href":"https:\/\/f6kfv.fr\/index.php\/wp-json\/wp\/v2\/comments?post=254"}],"version-history":[{"count":1,"href":"https:\/\/f6kfv.fr\/index.php\/wp-json\/wp\/v2\/posts\/254\/revisions"}],"predecessor-version":[{"id":255,"href":"https:\/\/f6kfv.fr\/index.php\/wp-json\/wp\/v2\/posts\/254\/revisions\/255"}],"wp:attachment":[{"href":"https:\/\/f6kfv.fr\/index.php\/wp-json\/wp\/v2\/media?parent=254"}],"wp:term":[{"taxonomy":"category","embeddable":true,"href":"https:\/\/f6kfv.fr\/index.php\/wp-json\/wp\/v2\/categories?post=254"},{"taxonomy":"post_tag","embeddable":true,"href":"https:\/\/f6kfv.fr\/index.php\/wp-json\/wp\/v2\/tags?post=254"}],"curies":[{"name":"wp","href":"https:\/\/api.w.org\/{rel}","templated":true}]}}